{"id":1241,"date":"2025-11-25T12:05:02","date_gmt":"2025-11-25T09:05:02","guid":{"rendered":"http:\/\/www.hvtd.org\/?p=1241"},"modified":"2025-11-25T12:10:49","modified_gmt":"2025-11-25T09:10:49","slug":"dernek-7-genel-kurulu-yapildi","status":"publish","type":"post","link":"https:\/\/www.hvtd.org\/?p=1241","title":{"rendered":"Havac\u0131l\u0131k T\u0131bb\u0131 Derne\u011fi 7. Ola\u011fan Genel Kurulunu Yapt\u0131"},"content":{"rendered":"<p><a href=\"http:\/\/www.hvtd.org\/wp-content\/uploads\/2013\/05\/7.GenelKurul4Mayis2013.jpg\"><img fetchpriority=\"high\" decoding=\"async\" class=\"aligncenter size-full wp-image-1248\" src=\"http:\/\/www.hvtd.org\/wp-content\/uploads\/2013\/05\/7.GenelKurul4Mayis2013.jpg\" alt=\"7.GenelKurul4Mayis2013\" width=\"720\" height=\"355\" srcset=\"https:\/\/www.hvtd.org\/wp-content\/uploads\/2013\/05\/7.GenelKurul4Mayis2013.jpg 720w, https:\/\/www.hvtd.org\/wp-content\/uploads\/2013\/05\/7.GenelKurul4Mayis2013-300x147.jpg 300w, https:\/\/www.hvtd.org\/wp-content\/uploads\/2013\/05\/7.GenelKurul4Mayis2013-111x55.jpg 111w\" sizes=\"(max-width: 720px) 100vw, 720px\" \/><\/a><\/p>\n<p style=\"text-align: justify;\">Derne\u011fimiz, daha \u00f6nce t\u00fcm \u00fcyelere e-posta ve cep telefonu mesaj\u0131 ile duyuruldu\u011fu gibi, 4 May\u0131s 2013 g\u00fcn\u00fc Eski\u015fehir Trakya Restoran toplant\u0131 salonunda 7. Genel Kurulunu yapt\u0131.<\/p>\n<p style=\"text-align: justify;\">Halen 131 \u00fcyesi bulunan Dernek, T\u00fcrk sivil havac\u0131l\u0131\u011f\u0131n\u0131n t\u0131bbi sorunlar\u0131na parmak basmakta, ilgili kamu ve \u00f6zel kurulu\u015flara \u00e7\u00f6z\u00fcm \u00f6nerileri ve raporlar sunmakta; seminerler ve konferanslar vererek, gazete ve dergilere bilimsel yaz\u0131lar g\u00f6ndererek konu \u00fczerinde fark\u0131ndal\u0131k yaratmaya \u00e7al\u0131\u015fmaktad\u0131r. 7 y\u0131ld\u0131r yay\u0131nda olup 22. say\u0131s\u0131na ula\u015fan Havac\u0131l\u0131k T\u0131bb\u0131 B\u00fclteninde y\u00fczlerce bilimsel yaz\u0131 yer almaktad\u0131r. Dernek Avrupa Havac\u0131l\u0131k ve Uzay T\u0131bb\u0131 Birli\u011fi (ESAM) \u00fcyesi olup, burada \u00fclkemizi temsil eden tek kurulu\u015ftur. Sa\u011fl\u0131k Bakanl\u0131\u011f\u0131n\u0131n t\u0131pta uzmanl\u0131k m\u00fcfredat komisyonunda yetkili \u00fcye durumunda olmaktan ba\u015fka, ayn\u0131 bakanl\u0131\u011f\u0131n Hava Ambulans Sistemi&#8217;nin t\u0131bbi e\u011fiticisi durumundad\u0131r.<\/p>\n<p style=\"text-align: justify;\">Genel Kurulda, Dernek Ba\u015fkan\u0131 Do\u00e7. Dr. Muzaffer \u00c7eting\u00fc\u00e7&#8217;\u00fcn sundu\u011fu faaliyet raporu ve b\u00fct\u00e7e oybirli\u011fi ile ibra edildi. Derne\u011fin Onursal \u00dcyesi olan Prof.Dr. Fevzi S\u00fcrmeli&#8217;ye \u00fc\u00e7 \u00fcye daha eklendi. Yeni Onursal \u00fcyeler Prof.Dr. Hamit Ziya G\u00f6kalp, Op.Dr. \u0130smet Bilgin ve Do\u00e7.Dr. Cebbar Dengiz&#8217;e beratlar\u0131 takdim edildi.<\/p>\n<p style=\"text-align: justify;\">Genel Kurul&#8217;da yap\u0131lan se\u00e7imde Y\u00f6netim ve Denetim Kurullar\u0131na se\u00e7ilen \u00fcyeler:<\/p>\n<p style=\"text-align: justify;\"><span style=\"text-decoration: underline;\">Y\u00f6netim Kurulu<\/span>: Muzaffer \u00c7eting\u00fc\u00e7, Bilgin Timuralp, Hasan F.T\u00f6re, Co\u015fkun Zaim, Aytekin Top\u00e7u.<\/p>\n<p style=\"text-align: justify;\">Yedek: Bedri Bama\u00e7, Hayri G\u00fcltekin, Atilla Soyel\u00e7in, Ahmet U\u011furlu, Etihan Cant\u00fcrk<\/p>\n<p style=\"text-align: justify;\"><span style=\"text-decoration: underline;\">Denetim Kurulu<\/span>: Abdullah \u00d6ks\u00fcz, Fersin Ko\u00e7, Mehmet Bodur.<\/p>\n<p style=\"text-align: justify;\">Yedek: \u0130smet Bilgin, Bahad\u0131r Altan, Erkan \u00d6zg\u00fcn.<\/p>\n<p>&nbsp;<\/p>\n","protected":false},"excerpt":{"rendered":"<p>Derne\u011fimiz, daha \u00f6nce t\u00fcm \u00fcyelere e-posta ve cep telefonu mesaj\u0131 ile duyuruldu\u011fu gibi, 4 May\u0131s 2013 g\u00fcn\u00fc Eski\u015fehir Trakya Restoran toplant\u0131 salonunda 7. Genel Kurulunu yapt\u0131. Halen 131 \u00fcyesi bulunan Dernek, T\u00fcrk sivil havac\u0131l\u0131\u011f\u0131n\u0131n t\u0131bbi sorunlar\u0131na parmak basmakta, ilgili kamu ve \u00f6zel kurulu\u015flara \u00e7\u00f6z\u00fcm \u00f6nerileri ve raporlar sunmakta; seminerler ve konferanslar vererek, gazete ve dergilere bilimsel yaz\u0131lar g\u00f6ndererek konu \u00fczerinde [&hellip;]<\/p>\n","protected":false},"author":1,"featured_media":0,"comment_status":"open","ping_status":"open","sticky":false,"template":"","format":"standard","meta":{"_eb_attr":"","_jetpack_memberships_contains_paid_content":false,"footnotes":""},"categories":[26],"tags":[],"class_list":["post-1241","post","type-post","status-publish","format-standard","hentry","category-arsiv"],"jetpack_featured_media_url":"","jetpack_sharing_enabled":true,"jetpack-related-posts":[],"_links":{"self":[{"href":"https:\/\/www.hvtd.org\/index.php?rest_route=\/wp\/v2\/posts\/1241","targetHints":{"allow":["GET"]}}],"collection":[{"href":"https:\/\/www.hvtd.org\/index.php?rest_route=\/wp\/v2\/posts"}],"about":[{"href":"https:\/\/www.hvtd.org\/index.php?rest_route=\/wp\/v2\/types\/post"}],"author":[{"embeddable":true,"href":"https:\/\/www.hvtd.org\/index.php?rest_route=\/wp\/v2\/users\/1"}],"replies":[{"embeddable":true,"href":"https:\/\/www.hvtd.org\/index.php?rest_route=%2Fwp%2Fv2%2Fcomments&post=1241"}],"version-history":[{"count":7,"href":"https:\/\/www.hvtd.org\/index.php?rest_route=\/wp\/v2\/posts\/1241\/revisions"}],"predecessor-version":[{"id":3952,"href":"https:\/\/www.hvtd.org\/index.php?rest_route=\/wp\/v2\/posts\/1241\/revisions\/3952"}],"wp:attachment":[{"href":"https:\/\/www.hvtd.org\/index.php?rest_route=%2Fwp%2Fv2%2Fmedia&parent=1241"}],"wp:term":[{"taxonomy":"category","embeddable":true,"href":"https:\/\/www.hvtd.org\/index.php?rest_route=%2Fwp%2Fv2%2Fcategories&post=1241"},{"taxonomy":"post_tag","embeddable":true,"href":"https:\/\/www.hvtd.org\/index.php?rest_route=%2Fwp%2Fv2%2Ftags&post=1241"}],"curies":[{"name":"wp","href":"https:\/\/api.w.org\/{rel}","templated":true}]}}