{"id":2265,"date":"2015-05-25T21:18:19","date_gmt":"2015-05-25T18:18:19","guid":{"rendered":"http:\/\/www.hvtd.org\/?p=2265"},"modified":"2015-05-25T21:28:28","modified_gmt":"2015-05-25T18:28:28","slug":"polis-helikopteri-denize-dustu-4-kisi-yasamini-yitirdi","status":"publish","type":"post","link":"https:\/\/www.hvtd.org\/?p=2265","title":{"rendered":"Polis helikopteri denize d\u00fc\u015ft\u00fc, 4 ki\u015fi ya\u015fam\u0131n\u0131 yitirdi"},"content":{"rendered":"<p style=\"text-align: justify;\"><a href=\"http:\/\/www.hvtd.org\/wp-content\/uploads\/2015\/05\/20052011polis_helikopteri_kazasi2.jpg\"><img fetchpriority=\"high\" decoding=\"async\" class=\" size-full wp-image-2269 aligncenter\" src=\"http:\/\/www.hvtd.org\/wp-content\/uploads\/2015\/05\/20052011polis_helikopteri_kazasi2.jpg\" alt=\"20052011polis_helikopteri_kazasi\" width=\"566\" height=\"295\" srcset=\"https:\/\/www.hvtd.org\/wp-content\/uploads\/2015\/05\/20052011polis_helikopteri_kazasi2.jpg 566w, https:\/\/www.hvtd.org\/wp-content\/uploads\/2015\/05\/20052011polis_helikopteri_kazasi2-300x156.jpg 300w, https:\/\/www.hvtd.org\/wp-content\/uploads\/2015\/05\/20052011polis_helikopteri_kazasi2-106x55.jpg 106w\" sizes=\"(max-width: 566px) 100vw, 566px\" \/><\/a><\/p>\n<p style=\"text-align: justify;\">20 May\u0131s 2011 g\u00fcn\u00fc saat 16.30\u2019da Emniyet Md\u2019l\u00fc\u011f\u00fcne ait Alouette SA 318C tipi helikopter \u0130stanbul Bo\u011faz\u0131\u2019nda (Beykoz-Anadolu Kava\u011f\u0131-Umuryeri Mevkiinde) denize d\u00fc\u015ft\u00fc. Helikopterde be\u015f ki\u015fi bulunmakta idi: Havac\u0131l\u0131k \u015eube Md. Pilot Kemal \u00d6zdemir, Komiser Murat G\u00fc\u00e7l\u00fc, Bilgi \u0130\u015flem \u015eb.Md. Rag\u0131p Ali Bilgen ve o\u011flu Deniz (Tar\u0131k?) ile THY U\u00e7u\u015f Akademisi \u00f6\u011frencisi Mehmet Oray Sar\u0131\u00e7ay. Olayda sadece Kemal \u00d6zdemir baca\u011f\u0131ndaki k\u0131r\u0131klarla kurtuldu, di\u011ferleri ya\u015famlar\u0131n\u0131 yitirdi. \u00d6zellikle o \u00e7ocuk ile pilotaj \u00f6\u011frencisinin bu helikoptere neden al\u0131nd\u0131\u011f\u0131 ele\u015ftirildi. 1968 Frans\u0131z yap\u0131m\u0131 ve saatte 150 km s\u00fcrate sahip olan helikopter 2 m\u00fcrettebat + 2 yolcu kapasiteli. Tek motorlu ve 3 saat havada kalabiliyor. Frans\u0131z yap\u0131m\u0131 43 ya\u015f\u0131ndaki helikopterin Fransa\u2019da 20 y\u0131ld\u0131r kullan\u0131mdan kalkt\u0131\u011f\u0131 ve bir e\u015finin Eski\u015fehir Hava M\u00fczesinde sergilendi\u011fi ve a\u00e7\u0131kland\u0131. Kazadan 10 g\u00fcn sonra pilot Kemal \u00d6zdemir\u2019in soru\u015fturma kapsam\u0131nda verdi\u011fi ifadeye g\u00f6re, 1999 y\u0131l\u0131nda helikopter revizyona girmi\u015f ve neredeyse t\u00fcm par\u00e7alar\u0131 yenilenmi\u015f.<\/p>\n","protected":false},"excerpt":{"rendered":"<p>20 May\u0131s 2011 g\u00fcn\u00fc saat 16.30\u2019da Emniyet Md\u2019l\u00fc\u011f\u00fcne ait Alouette SA 318C tipi helikopter \u0130stanbul Bo\u011faz\u0131\u2019nda (Beykoz-Anadolu Kava\u011f\u0131-Umuryeri Mevkiinde) denize d\u00fc\u015ft\u00fc. Helikopterde be\u015f ki\u015fi bulunmakta idi: Havac\u0131l\u0131k \u015eube Md. Pilot Kemal \u00d6zdemir, Komiser Murat G\u00fc\u00e7l\u00fc, Bilgi \u0130\u015flem \u015eb.Md. Rag\u0131p Ali Bilgen ve o\u011flu Deniz (Tar\u0131k?) ile THY U\u00e7u\u015f Akademisi \u00f6\u011frencisi Mehmet Oray Sar\u0131\u00e7ay. Olayda sadece Kemal \u00d6zdemir baca\u011f\u0131ndaki k\u0131r\u0131klarla kurtuldu, [&hellip;]<\/p>\n","protected":false},"author":1,"featured_media":0,"comment_status":"open","ping_status":"open","sticky":false,"template":"","format":"standard","meta":{"_eb_attr":"","_jetpack_memberships_contains_paid_content":false,"footnotes":""},"categories":[9],"tags":[],"class_list":["post-2265","post","type-post","status-publish","format-standard","hentry","category-turkucakkazalari"],"jetpack_featured_media_url":"","jetpack_sharing_enabled":true,"jetpack-related-posts":[],"_links":{"self":[{"href":"https:\/\/www.hvtd.org\/index.php?rest_route=\/wp\/v2\/posts\/2265","targetHints":{"allow":["GET"]}}],"collection":[{"href":"https:\/\/www.hvtd.org\/index.php?rest_route=\/wp\/v2\/posts"}],"about":[{"href":"https:\/\/www.hvtd.org\/index.php?rest_route=\/wp\/v2\/types\/post"}],"author":[{"embeddable":true,"href":"https:\/\/www.hvtd.org\/index.php?rest_route=\/wp\/v2\/users\/1"}],"replies":[{"embeddable":true,"href":"https:\/\/www.hvtd.org\/index.php?rest_route=%2Fwp%2Fv2%2Fcomments&post=2265"}],"version-history":[{"count":3,"href":"https:\/\/www.hvtd.org\/index.php?rest_route=\/wp\/v2\/posts\/2265\/revisions"}],"predecessor-version":[{"id":2270,"href":"https:\/\/www.hvtd.org\/index.php?rest_route=\/wp\/v2\/posts\/2265\/revisions\/2270"}],"wp:attachment":[{"href":"https:\/\/www.hvtd.org\/index.php?rest_route=%2Fwp%2Fv2%2Fmedia&parent=2265"}],"wp:term":[{"taxonomy":"category","embeddable":true,"href":"https:\/\/www.hvtd.org\/index.php?rest_route=%2Fwp%2Fv2%2Fcategories&post=2265"},{"taxonomy":"post_tag","embeddable":true,"href":"https:\/\/www.hvtd.org\/index.php?rest_route=%2Fwp%2Fv2%2Ftags&post=2265"}],"curies":[{"name":"wp","href":"https:\/\/api.w.org\/{rel}","templated":true}]}}