{"id":2271,"date":"2015-05-26T20:56:29","date_gmt":"2015-05-26T17:56:29","guid":{"rendered":"http:\/\/www.hvtd.org\/?p=2271"},"modified":"2015-05-26T20:56:29","modified_gmt":"2015-05-26T17:56:29","slug":"inonude-planor-kazasi-iki-egitmen-oldu","status":"publish","type":"post","link":"https:\/\/www.hvtd.org\/?p=2271","title":{"rendered":"\u0130n\u00f6n\u00fc\u2019de plan\u00f6r kazas\u0131, iki e\u011fitmen \u00f6ld\u00fc"},"content":{"rendered":"<p style=\"text-align: justify;\"><a href=\"http:\/\/www.hvtd.org\/wp-content\/uploads\/2015\/05\/planor_kazasi.jpg\"><img decoding=\"async\" class=\"alignleft size-full wp-image-2272\" src=\"http:\/\/www.hvtd.org\/wp-content\/uploads\/2015\/05\/planor_kazasi.jpg\" alt=\"planor_kazasi\" width=\"253\" height=\"180\" srcset=\"https:\/\/www.hvtd.org\/wp-content\/uploads\/2015\/05\/planor_kazasi.jpg 253w, https:\/\/www.hvtd.org\/wp-content\/uploads\/2015\/05\/planor_kazasi-77x55.jpg 77w\" sizes=\"(max-width: 253px) 100vw, 253px\" \/><\/a>29 Haziran 2011 g\u00fcn\u00fc saat 14.30 sular\u0131nda Eski\u015fehir\u2019in \u0130n\u00f6n\u00fc il\u00e7esindeki THK E\u011fitim Merkezinde e\u011fitim u\u00e7u\u015fu yapan Puchacz tipi plan\u00f6r d\u00fc\u015ft\u00fc. Bilinmeyen bir nedenle h\u0131z kaybeden plan\u00f6r\u00fcn pist ba\u015f\u0131nda \u00e7ak\u0131lmas\u0131yla milli plan\u00f6rc\u00fc Metin \u00d6zbey olay yerinde, pilot Semih Uzunlar ise a\u011f\u0131r yaral\u0131 olarak kald\u0131r\u0131ld\u0131\u011f\u0131 T\u0131p Fak. Hastanesinde ya\u015fam\u0131n\u0131 yitirdi.<\/p>\n","protected":false},"excerpt":{"rendered":"<p>29 Haziran 2011 g\u00fcn\u00fc saat 14.30 sular\u0131nda Eski\u015fehir\u2019in \u0130n\u00f6n\u00fc il\u00e7esindeki THK E\u011fitim Merkezinde e\u011fitim u\u00e7u\u015fu yapan Puchacz tipi plan\u00f6r d\u00fc\u015ft\u00fc. Bilinmeyen bir nedenle h\u0131z kaybeden plan\u00f6r\u00fcn pist ba\u015f\u0131nda \u00e7ak\u0131lmas\u0131yla milli plan\u00f6rc\u00fc Metin \u00d6zbey olay yerinde, pilot Semih Uzunlar ise a\u011f\u0131r yaral\u0131 olarak kald\u0131r\u0131ld\u0131\u011f\u0131 T\u0131p Fak. Hastanesinde ya\u015fam\u0131n\u0131 yitirdi.<\/p>\n","protected":false},"author":1,"featured_media":0,"comment_status":"open","ping_status":"open","sticky":false,"template":"","format":"standard","meta":{"_eb_attr":"","_jetpack_memberships_contains_paid_content":false,"footnotes":""},"categories":[9],"tags":[],"class_list":["post-2271","post","type-post","status-publish","format-standard","hentry","category-turkucakkazalari"],"jetpack_featured_media_url":"","jetpack_sharing_enabled":true,"jetpack-related-posts":[],"_links":{"self":[{"href":"https:\/\/www.hvtd.org\/index.php?rest_route=\/wp\/v2\/posts\/2271","targetHints":{"allow":["GET"]}}],"collection":[{"href":"https:\/\/www.hvtd.org\/index.php?rest_route=\/wp\/v2\/posts"}],"about":[{"href":"https:\/\/www.hvtd.org\/index.php?rest_route=\/wp\/v2\/types\/post"}],"author":[{"embeddable":true,"href":"https:\/\/www.hvtd.org\/index.php?rest_route=\/wp\/v2\/users\/1"}],"replies":[{"embeddable":true,"href":"https:\/\/www.hvtd.org\/index.php?rest_route=%2Fwp%2Fv2%2Fcomments&post=2271"}],"version-history":[{"count":1,"href":"https:\/\/www.hvtd.org\/index.php?rest_route=\/wp\/v2\/posts\/2271\/revisions"}],"predecessor-version":[{"id":2273,"href":"https:\/\/www.hvtd.org\/index.php?rest_route=\/wp\/v2\/posts\/2271\/revisions\/2273"}],"wp:attachment":[{"href":"https:\/\/www.hvtd.org\/index.php?rest_route=%2Fwp%2Fv2%2Fmedia&parent=2271"}],"wp:term":[{"taxonomy":"category","embeddable":true,"href":"https:\/\/www.hvtd.org\/index.php?rest_route=%2Fwp%2Fv2%2Fcategories&post=2271"},{"taxonomy":"post_tag","embeddable":true,"href":"https:\/\/www.hvtd.org\/index.php?rest_route=%2Fwp%2Fv2%2Ftags&post=2271"}],"curies":[{"name":"wp","href":"https:\/\/api.w.org\/{rel}","templated":true}]}}