{"id":2308,"date":"2015-05-26T21:37:25","date_gmt":"2015-05-26T18:37:25","guid":{"rendered":"http:\/\/www.hvtd.org\/?p=2308"},"modified":"2015-05-26T21:37:25","modified_gmt":"2015-05-26T18:37:25","slug":"akrobasi-pilotu-murat-ozturk-kazada-oldu","status":"publish","type":"post","link":"https:\/\/www.hvtd.org\/?p=2308","title":{"rendered":"Akrobasi pilotu Murat \u00d6zt\u00fcrk kazada \u00f6ld\u00fc"},"content":{"rendered":"<p style=\"text-align: justify;\"><a href=\"http:\/\/www.hvtd.org\/wp-content\/uploads\/2015\/05\/murat-ozturk-ucak-kazasi.jpg\"><img fetchpriority=\"high\" decoding=\"async\" class=\" size-full wp-image-2309 aligncenter\" src=\"http:\/\/www.hvtd.org\/wp-content\/uploads\/2015\/05\/murat-ozturk-ucak-kazasi.jpg\" alt=\"murat-ozturk-ucak-kazasi\" width=\"606\" height=\"340\" srcset=\"https:\/\/www.hvtd.org\/wp-content\/uploads\/2015\/05\/murat-ozturk-ucak-kazasi.jpg 606w, https:\/\/www.hvtd.org\/wp-content\/uploads\/2015\/05\/murat-ozturk-ucak-kazasi-300x168.jpg 300w, https:\/\/www.hvtd.org\/wp-content\/uploads\/2015\/05\/murat-ozturk-ucak-kazasi-98x55.jpg 98w\" sizes=\"(max-width: 606px) 100vw, 606px\" \/><\/a><\/p>\n<p style=\"text-align: justify;\">T\u00fcrkiye\u2019nin en iyi akrobasi pilotlar\u0131ndan olan hava foto\u011fraf\u00e7\u0131s\u0131 Murat \u00d6zt\u00fcrk (60), 19 May\u0131s 2013 g\u00fcn\u00fc Adana\u2019da g\u00f6steri u\u00e7u\u015fu s\u0131ras\u0131nda kaza ge\u00e7irerek ya\u015fam\u0131n\u0131 yitirdi. 19 May\u0131s Atat\u00fcrk\u2019\u00fc Anma, Gen\u00e7lik ve Spor Bayram\u0131 kutlamalar\u0131 s\u0131ras\u0131nda bu y\u0131l ikincisi yap\u0131lan Adana Uluslararas\u0131 Havac\u0131l\u0131k Festivali\u2019nde nefes kesen bir akrobasi g\u00f6sterisi yapt\u0131. Festivalin yap\u0131ld\u0131\u011f\u0131 Y\u00fcre\u011fir \u0130l\u00e7esi\u2019ne ba\u011fl\u0131 Suluca Beldesi yak\u0131nlar\u0131ndaki Kelaynak Havac\u0131l\u0131k Kul\u00fcb\u00fc pistinden havalanan \u00d6zt\u00fcrk, Seyhan \u0130l\u00e7esi\u2019ndeki U\u011fur Mumcu Meydan\u0131 semalar\u0131nda g\u00f6sterisini ba\u015far\u0131yla tamamlay\u0131p yeniden Kelaynak Meydan\u0131\u2019na geldi ve burada da g\u00f6steri u\u00e7u\u015fu yapmaya ba\u015flad\u0131. Dal\u0131\u015f s\u0131ras\u0131nda l\u00f6vyeyi \u00e7ekmesine ra\u011fmen &#8216;pitts&#8217; tipi akrobasi u\u00e7a\u011f\u0131n\u0131 dal\u0131\u015ftan \u00e7\u0131kartamad\u0131. \u00c7\u00f6k\u00fc\u015fle birlikte yere vuran u\u00e7ak, birka\u00e7 metre havaland\u0131 ve alev ald\u0131. Topair U\u00e7u\u015f Okulu&#8217;nun kurucusu olan Murat \u00d6zt\u00fcrk&#8217;\u00fcn k\u0131z\u0131 Pelin \u00d6zt\u00fcrk de bu okulda \u00f6\u011fretmen pilot olarak u\u00e7makta. Murat \u00d6zt\u00fcrk&#8217;\u00fcn babas\u0131 milletvekili Kemal Ziya \u00d6zt\u00fcrk ise 1976 y\u0131l\u0131nda Isparta&#8217;daki bir u\u00e7u\u015f kazas\u0131nda \u00f6lm\u00fc\u015ft\u00fc.<\/p>\n","protected":false},"excerpt":{"rendered":"<p>T\u00fcrkiye\u2019nin en iyi akrobasi pilotlar\u0131ndan olan hava foto\u011fraf\u00e7\u0131s\u0131 Murat \u00d6zt\u00fcrk (60), 19 May\u0131s 2013 g\u00fcn\u00fc Adana\u2019da g\u00f6steri u\u00e7u\u015fu s\u0131ras\u0131nda kaza ge\u00e7irerek ya\u015fam\u0131n\u0131 yitirdi. 19 May\u0131s Atat\u00fcrk\u2019\u00fc Anma, Gen\u00e7lik ve Spor Bayram\u0131 kutlamalar\u0131 s\u0131ras\u0131nda bu y\u0131l ikincisi yap\u0131lan Adana Uluslararas\u0131 Havac\u0131l\u0131k Festivali\u2019nde nefes kesen bir akrobasi g\u00f6sterisi yapt\u0131. Festivalin yap\u0131ld\u0131\u011f\u0131 Y\u00fcre\u011fir \u0130l\u00e7esi\u2019ne ba\u011fl\u0131 Suluca Beldesi yak\u0131nlar\u0131ndaki Kelaynak Havac\u0131l\u0131k Kul\u00fcb\u00fc pistinden havalanan [&hellip;]<\/p>\n","protected":false},"author":1,"featured_media":0,"comment_status":"open","ping_status":"open","sticky":false,"template":"","format":"standard","meta":{"_eb_attr":"","_jetpack_memberships_contains_paid_content":false,"footnotes":""},"categories":[9],"tags":[],"class_list":["post-2308","post","type-post","status-publish","format-standard","hentry","category-turkucakkazalari"],"jetpack_featured_media_url":"","jetpack_sharing_enabled":true,"jetpack-related-posts":[],"_links":{"self":[{"href":"https:\/\/www.hvtd.org\/index.php?rest_route=\/wp\/v2\/posts\/2308","targetHints":{"allow":["GET"]}}],"collection":[{"href":"https:\/\/www.hvtd.org\/index.php?rest_route=\/wp\/v2\/posts"}],"about":[{"href":"https:\/\/www.hvtd.org\/index.php?rest_route=\/wp\/v2\/types\/post"}],"author":[{"embeddable":true,"href":"https:\/\/www.hvtd.org\/index.php?rest_route=\/wp\/v2\/users\/1"}],"replies":[{"embeddable":true,"href":"https:\/\/www.hvtd.org\/index.php?rest_route=%2Fwp%2Fv2%2Fcomments&post=2308"}],"version-history":[{"count":1,"href":"https:\/\/www.hvtd.org\/index.php?rest_route=\/wp\/v2\/posts\/2308\/revisions"}],"predecessor-version":[{"id":2310,"href":"https:\/\/www.hvtd.org\/index.php?rest_route=\/wp\/v2\/posts\/2308\/revisions\/2310"}],"wp:attachment":[{"href":"https:\/\/www.hvtd.org\/index.php?rest_route=%2Fwp%2Fv2%2Fmedia&parent=2308"}],"wp:term":[{"taxonomy":"category","embeddable":true,"href":"https:\/\/www.hvtd.org\/index.php?rest_route=%2Fwp%2Fv2%2Fcategories&post=2308"},{"taxonomy":"post_tag","embeddable":true,"href":"https:\/\/www.hvtd.org\/index.php?rest_route=%2Fwp%2Fv2%2Ftags&post=2308"}],"curies":[{"name":"wp","href":"https:\/\/api.w.org\/{rel}","templated":true}]}}