{"id":3211,"date":"2021-01-20T22:07:17","date_gmt":"2021-01-20T19:07:17","guid":{"rendered":"http:\/\/www.hvtd.org\/?p=3211"},"modified":"2025-11-25T12:39:47","modified_gmt":"2025-11-25T09:39:47","slug":"3211","status":"publish","type":"post","link":"https:\/\/www.hvtd.org\/?p=3211","title":{"rendered":"Ac\u0131 kayb\u0131m\u0131z"},"content":{"rendered":"<p class=\"x_MsoNormal\"><b><u><a href=\"http:\/\/www.hvtd.org\/?attachment_id=3206\" rel=\"attachment wp-att-3206\"><img decoding=\"async\" class=\"alignleft size-full wp-image-3206\" src=\"http:\/\/www.hvtd.org\/wp-content\/uploads\/2021\/01\/UgurYilmaz.jpg\" alt=\"\" width=\"116\" height=\"150\" srcset=\"https:\/\/www.hvtd.org\/wp-content\/uploads\/2021\/01\/UgurYilmaz.jpg 116w, https:\/\/www.hvtd.org\/wp-content\/uploads\/2021\/01\/UgurYilmaz-43x55.jpg 43w\" sizes=\"(max-width: 116px) 100vw, 116px\" \/><\/a>Dr. U\u011fur Y\u0131lmaz\u00a0<\/u><\/b><\/p>\n<p class=\"x_MsoNormal\">1963 Ankara do\u011fumlu ve 1987 GATA T\u0131p Fak\u00fcltesi mezunu olup, 1993 y\u0131l\u0131nda Hava ve Uzay Hekimli\u011fi uzmanl\u0131k e\u011fitimini tamamlam\u0131\u015ft\u0131. GATA\u2019n\u0131n Eski\u015fehir USAEM ile ayn\u0131 binadaki Merkezinde g\u00f6rev yapt\u0131. ABD\u2019de havac\u0131l\u0131k t\u0131bb\u0131 alan\u0131nda e\u011fitim ald\u0131. TSK\u2019dan ayr\u0131ld\u0131ktan sonra \u00e7e\u015fitli hiperbarik t\u0131p merkezlerinde \u00e7al\u0131\u015ft\u0131.\u00a0\u00a0Son derece sayg\u0131l\u0131, d\u00fcr\u00fcst ve bilgili bir arkada\u015f\u0131m\u0131zd\u0131. 3 Ocak 2021 g\u00fcn\u00fc Covid-19 nedeniyle vefat etti.<\/p>\n","protected":false},"excerpt":{"rendered":"<p>Dr. U\u011fur Y\u0131lmaz\u00a0 1963 Ankara do\u011fumlu ve 1987 GATA T\u0131p Fak\u00fcltesi mezunu olup, 1993 y\u0131l\u0131nda Hava ve Uzay Hekimli\u011fi uzmanl\u0131k e\u011fitimini tamamlam\u0131\u015ft\u0131. GATA\u2019n\u0131n Eski\u015fehir USAEM ile ayn\u0131 binadaki Merkezinde g\u00f6rev yapt\u0131. ABD\u2019de havac\u0131l\u0131k t\u0131bb\u0131 alan\u0131nda e\u011fitim ald\u0131. TSK\u2019dan ayr\u0131ld\u0131ktan sonra \u00e7e\u015fitli hiperbarik t\u0131p merkezlerinde \u00e7al\u0131\u015ft\u0131.\u00a0\u00a0Son derece sayg\u0131l\u0131, d\u00fcr\u00fcst ve bilgili bir arkada\u015f\u0131m\u0131zd\u0131. 3 Ocak 2021 g\u00fcn\u00fc Covid-19 nedeniyle vefat etti.<\/p>\n","protected":false},"author":1,"featured_media":0,"comment_status":"closed","ping_status":"closed","sticky":false,"template":"","format":"standard","meta":{"_eb_attr":"","_jetpack_memberships_contains_paid_content":false,"footnotes":""},"categories":[26],"tags":[],"class_list":["post-3211","post","type-post","status-publish","format-standard","hentry","category-arsiv"],"jetpack_featured_media_url":"","jetpack_sharing_enabled":true,"jetpack-related-posts":[],"_links":{"self":[{"href":"https:\/\/www.hvtd.org\/index.php?rest_route=\/wp\/v2\/posts\/3211","targetHints":{"allow":["GET"]}}],"collection":[{"href":"https:\/\/www.hvtd.org\/index.php?rest_route=\/wp\/v2\/posts"}],"about":[{"href":"https:\/\/www.hvtd.org\/index.php?rest_route=\/wp\/v2\/types\/post"}],"author":[{"embeddable":true,"href":"https:\/\/www.hvtd.org\/index.php?rest_route=\/wp\/v2\/users\/1"}],"replies":[{"embeddable":true,"href":"https:\/\/www.hvtd.org\/index.php?rest_route=%2Fwp%2Fv2%2Fcomments&post=3211"}],"version-history":[{"count":2,"href":"https:\/\/www.hvtd.org\/index.php?rest_route=\/wp\/v2\/posts\/3211\/revisions"}],"predecessor-version":[{"id":3213,"href":"https:\/\/www.hvtd.org\/index.php?rest_route=\/wp\/v2\/posts\/3211\/revisions\/3213"}],"wp:attachment":[{"href":"https:\/\/www.hvtd.org\/index.php?rest_route=%2Fwp%2Fv2%2Fmedia&parent=3211"}],"wp:term":[{"taxonomy":"category","embeddable":true,"href":"https:\/\/www.hvtd.org\/index.php?rest_route=%2Fwp%2Fv2%2Fcategories&post=3211"},{"taxonomy":"post_tag","embeddable":true,"href":"https:\/\/www.hvtd.org\/index.php?rest_route=%2Fwp%2Fv2%2Ftags&post=3211"}],"curies":[{"name":"wp","href":"https:\/\/api.w.org\/{rel}","templated":true}]}}