{"id":3799,"date":"2024-11-08T12:37:00","date_gmt":"2024-11-08T09:37:00","guid":{"rendered":"https:\/\/www.hvtd.org\/?p=3799"},"modified":"2025-11-25T12:33:49","modified_gmt":"2025-11-25T09:33:49","slug":"2inci-icam-kongresi-portekizde-yapildi","status":"publish","type":"post","link":"https:\/\/www.hvtd.org\/?p=3799","title":{"rendered":"2\u2019\u0130NC\u0130 ICAM KONGRES\u0130 PORTEK\u0130Z\u2019DE YAPILDI"},"content":{"rendered":"<p><a href=\"https:\/\/www.hvtd.org\/?attachment_id=3800\" rel=\"attachment wp-att-3800\"><img decoding=\"async\" class=\"size-full wp-image-3800 alignleft\" src=\"http:\/\/www.hvtd.org\/wp-content\/uploads\/2024\/11\/icam2024.jpg\" alt=\"\" width=\"98\" height=\"122\" srcset=\"https:\/\/www.hvtd.org\/wp-content\/uploads\/2024\/11\/icam2024.jpg 98w, https:\/\/www.hvtd.org\/wp-content\/uploads\/2024\/11\/icam2024-44x55.jpg 44w, https:\/\/www.hvtd.org\/wp-content\/uploads\/2024\/11\/icam2024-10x12.jpg 10w\" sizes=\"(max-width: 98px) 100vw, 98px\" \/><\/a><\/p>\n<p>\u0130lki 2022 y\u0131l\u0131nda Paris\u2019te yap\u0131lan Uluslararas\u0131 Hava-Uzay Hekimli\u011fi Kongresinin (<strong>International Congress of Aerospace Medicine-<\/strong>ICAM) ikincisi Portekiz\u2019in ba\u015fkenti Lizbon\u2019da (Aula Magna) 3-5 Ekim 2024 g\u00fcnlerinde yap\u0131ld\u0131. Kongrede e\u015fzamanl\u0131 olarak 70\u2019inci ICASM ve 8\u2019inci ECAM toplant\u0131lar\u0131 da icra edildi. 800 ki\u015finin kat\u0131ld\u0131\u011f\u0131 Kongrede T\u00fcrkiye\u2019den 28 ki\u015fi vard\u0131 ve 10\u2019u Dernek \u00fcyelerimizdendi: Prof.Dr. Muzaffer \u00c7eting\u00fc\u00e7, Prof.Dr. Hasan F. T\u00f6re, Plt.Fizy. H\u00fcsn\u00fc Onu\u015f, Prof.Dr. Fer\u015fat Kolbak\u0131r, Dr. Vedia \u0130lkkutlu, Dr. Yavuz Turan, Dr. Sinan Ayta\u00e7 Polat, Dr. Nilg\u00fcn Polat, Psk. Deniz Sazak ve Dr. Kadir Eren&#8230; SHGM\u2019yi temsilen Dr. Se\u00e7kin El\u00e7in, Dr. M.Murat K\u0131z\u0131l; SB\u00dc\u2019den Do\u00e7.Dr. Erdin\u00e7 Ercan ve Dr. B\u00fc\u015fra G\u00fcle\u00e7er; THY\u2019den Dr. Deniz Aybey ve Dr. \u0130brahim Menek\u015fe de kat\u0131ld\u0131.<\/p>\n<p>Kongrede 63 Poster ve 97 S\u00f6zel bildiri sunuldu. Bunlar aras\u0131ndan 2 poster ve 4 s\u00f6zel bildiri T\u00fcrk kat\u0131l\u0131mc\u0131lara aitti.<\/p>\n<p><a href=\"https:\/\/www.hvtd.org\/?attachment_id=3802\" rel=\"attachment wp-att-3802\"><img fetchpriority=\"high\" decoding=\"async\" class=\" wp-image-3802 alignleft\" src=\"http:\/\/www.hvtd.org\/wp-content\/uploads\/2024\/11\/icam2024-01.jpg\" alt=\"\" width=\"274\" height=\"206\" srcset=\"https:\/\/www.hvtd.org\/wp-content\/uploads\/2024\/11\/icam2024-01.jpg 338w, https:\/\/www.hvtd.org\/wp-content\/uploads\/2024\/11\/icam2024-01-300x225.jpg 300w, https:\/\/www.hvtd.org\/wp-content\/uploads\/2024\/11\/icam2024-01-73x55.jpg 73w, https:\/\/www.hvtd.org\/wp-content\/uploads\/2024\/11\/icam2024-01-16x12.jpg 16w, https:\/\/www.hvtd.org\/wp-content\/uploads\/2024\/11\/icam2024-01-100x75.jpg 100w\" sizes=\"(max-width: 274px) 100vw, 274px\" \/><\/a> <a href=\"https:\/\/www.hvtd.org\/?attachment_id=3803\" rel=\"attachment wp-att-3803\"><img decoding=\"async\" class=\" wp-image-3803 alignleft\" src=\"http:\/\/www.hvtd.org\/wp-content\/uploads\/2024\/11\/icam2024-02.jpg\" alt=\"\" width=\"291\" height=\"205\" srcset=\"https:\/\/www.hvtd.org\/wp-content\/uploads\/2024\/11\/icam2024-02.jpg 353w, https:\/\/www.hvtd.org\/wp-content\/uploads\/2024\/11\/icam2024-02-300x212.jpg 300w, https:\/\/www.hvtd.org\/wp-content\/uploads\/2024\/11\/icam2024-02-78x55.jpg 78w, https:\/\/www.hvtd.org\/wp-content\/uploads\/2024\/11\/icam2024-02-18x12.jpg 18w\" sizes=\"(max-width: 291px) 100vw, 291px\" \/><\/a><\/p>\n<p>&nbsp;<\/p>\n<p>&nbsp;<\/p>\n<p>&nbsp;<\/p>\n<p>&nbsp;<\/p>\n<p>&nbsp;<\/p>\n<p>&nbsp;<\/p>\n<p><strong><u>3\u2019\u00fcnc\u00fc ICAM Kongresi 2026 y\u0131l\u0131nda \u0130stanbul\u2019da yap\u0131lacak:<\/u> <\/strong>Havac\u0131l\u0131k T\u0131bb\u0131 Derne\u011fi\u2019nin 5 y\u0131ld\u0131r s\u00fcrd\u00fcrd\u00fc\u011f\u00fc \u00e7al\u0131\u015fmalar sonu\u00e7 verdi. ICAM, ESAM, IAASM temsilcileriyle birlikte yap\u0131lan toplant\u0131da Derne\u011fimize 3\u2019\u00fcnc\u00fc kongreyi organize etme sorumlulu\u011fu verildi. D\u00fcnya \u00f6l\u00e7e\u011findeki bir havac\u0131l\u0131k ve uzay t\u0131bb\u0131 kongresinin b\u00fcy\u00fck payda\u015flar\u0131 Havac\u0131l\u0131k T\u0131bb\u0131 Derne\u011fi, SHGM, Hava K. K\u2019l\u0131\u011f\u0131, Sa\u011fl\u0131k Bilimleri \u00dcniversitesi; ana sponsor da THY olacakt\u0131r.<\/p>\n","protected":false},"excerpt":{"rendered":"<p>\u0130lki 2022 y\u0131l\u0131nda Paris\u2019te yap\u0131lan Uluslararas\u0131 Hava-Uzay Hekimli\u011fi Kongresinin (International Congress of Aerospace Medicine-ICAM) ikincisi Portekiz\u2019in ba\u015fkenti Lizbon\u2019da (Aula Magna) 3-5 Ekim 2024 g\u00fcnlerinde yap\u0131ld\u0131. Kongrede e\u015fzamanl\u0131 olarak 70\u2019inci ICASM ve 8\u2019inci ECAM toplant\u0131lar\u0131 da icra edildi. 800 ki\u015finin kat\u0131ld\u0131\u011f\u0131 Kongrede T\u00fcrkiye\u2019den 28 ki\u015fi vard\u0131 ve 10\u2019u Dernek \u00fcyelerimizdendi: Prof.Dr. Muzaffer \u00c7eting\u00fc\u00e7, Prof.Dr. Hasan F. T\u00f6re, Plt.Fizy. H\u00fcsn\u00fc Onu\u015f, Prof.Dr. [&hellip;]<\/p>\n","protected":false},"author":1,"featured_media":3802,"comment_status":"closed","ping_status":"closed","sticky":false,"template":"","format":"standard","meta":{"_eb_attr":"","_jetpack_memberships_contains_paid_content":false,"footnotes":""},"categories":[26],"tags":[],"class_list":["post-3799","post","type-post","status-publish","format-standard","has-post-thumbnail","hentry","category-arsiv"],"jetpack_featured_media_url":"https:\/\/www.hvtd.org\/wp-content\/uploads\/2024\/11\/icam2024-01.jpg","jetpack_sharing_enabled":true,"jetpack-related-posts":[],"_links":{"self":[{"href":"https:\/\/www.hvtd.org\/index.php?rest_route=\/wp\/v2\/posts\/3799","targetHints":{"allow":["GET"]}}],"collection":[{"href":"https:\/\/www.hvtd.org\/index.php?rest_route=\/wp\/v2\/posts"}],"about":[{"href":"https:\/\/www.hvtd.org\/index.php?rest_route=\/wp\/v2\/types\/post"}],"author":[{"embeddable":true,"href":"https:\/\/www.hvtd.org\/index.php?rest_route=\/wp\/v2\/users\/1"}],"replies":[{"embeddable":true,"href":"https:\/\/www.hvtd.org\/index.php?rest_route=%2Fwp%2Fv2%2Fcomments&post=3799"}],"version-history":[{"count":3,"href":"https:\/\/www.hvtd.org\/index.php?rest_route=\/wp\/v2\/posts\/3799\/revisions"}],"predecessor-version":[{"id":3805,"href":"https:\/\/www.hvtd.org\/index.php?rest_route=\/wp\/v2\/posts\/3799\/revisions\/3805"}],"wp:featuredmedia":[{"embeddable":true,"href":"https:\/\/www.hvtd.org\/index.php?rest_route=\/wp\/v2\/media\/3802"}],"wp:attachment":[{"href":"https:\/\/www.hvtd.org\/index.php?rest_route=%2Fwp%2Fv2%2Fmedia&parent=3799"}],"wp:term":[{"taxonomy":"category","embeddable":true,"href":"https:\/\/www.hvtd.org\/index.php?rest_route=%2Fwp%2Fv2%2Fcategories&post=3799"},{"taxonomy":"post_tag","embeddable":true,"href":"https:\/\/www.hvtd.org\/index.php?rest_route=%2Fwp%2Fv2%2Ftags&post=3799"}],"curies":[{"name":"wp","href":"https:\/\/api.w.org\/{rel}","templated":true}]}}